{"id":15333,"date":"2024-08-08T12:29:06","date_gmt":"2024-08-08T15:29:06","guid":{"rendered":"https:\/\/www.rededecontrole.df.gov.br\/?p=15333"},"modified":"2024-08-08T12:33:29","modified_gmt":"2024-08-08T15:33:29","slug":"rede-de-controle-do-df-apresenta-plano-de-acao-para-2024-2025","status":"publish","type":"post","link":"https:\/\/www.rededecontrole.df.gov.br\/index.php\/2024\/08\/08\/rede-de-controle-do-df-apresenta-plano-de-acao-para-2024-2025\/","title":{"rendered":"Rede de Controle do DF apresenta plano de a\u00e7\u00e3o para 2024-2025"},"content":{"rendered":"\n<p style=\"text-align: center;\"><i><span data-contrast=\"auto\"><a href=\"http:\/\/www.rededecontrole.df.gov.br\/wp-content\/uploads\/2024\/08\/5.CGDF-Lanca-Plano-de-Acao-para-a-Rede-de-Controle-do-DF.jpg\"><img decoding=\"async\" loading=\"lazy\" class=\"aligncenter wp-image-15334\" src=\"http:\/\/www.rededecontrole.df.gov.br\/wp-content\/uploads\/2024\/08\/5.CGDF-Lanca-Plano-de-Acao-para-a-Rede-de-Controle-do-DF-300x168.jpg\" alt=\"\" width=\"550\" height=\"308\" srcset=\"https:\/\/www.rededecontrole.df.gov.br\/wp-content\/uploads\/2024\/08\/5.CGDF-Lanca-Plano-de-Acao-para-a-Rede-de-Controle-do-DF-300x168.jpg 300w, https:\/\/www.rededecontrole.df.gov.br\/wp-content\/uploads\/2024\/08\/5.CGDF-Lanca-Plano-de-Acao-para-a-Rede-de-Controle-do-DF.jpg 750w\" sizes=\"(max-width: 550px) 100vw, 550px\" \/><\/a><\/span><\/i><i><span data-contrast=\"auto\">Nova estrat\u00e9gia promove a governan\u00e7a e a transpar\u00eancia p\u00fablica e tamb\u00e9m fortalece as ferramentas de controle interno e social<\/span><\/i><\/p>\n<p>\u00a0<\/p>\n<p style=\"text-align: justify;\"><span data-contrast=\"auto\">A Rede de Controle da Gest\u00e3o P\u00fablica do Distrito Federal (RCGP) divulgou o novo Plano de A\u00e7\u00e3o para o bi\u00eanio 2024-2025. Sob a coordena\u00e7\u00e3o da Controladoria-Geral do DF e aprovado pelos demais \u00f3rg\u00e3os que comp\u00f5em a Rede, o documento foi apresentado pelo auditor de Controle Interno da CGDF, Hamilton Ruggieri, que assumiu a coordena\u00e7\u00e3o em julho deste ano.<\/span><\/p>\n<p>\u00a0<\/p>\n<p style=\"text-align: justify;\"><a href=\"https:\/\/www.rededecontrole.df.gov.br\/wp-content\/uploads\/2019\/11\/Plano-de-Acao.pdf\" target=\"_blank\" rel=\"noopener\"><span data-contrast=\"none\">Clique aqui<\/span><\/a><span data-contrast=\"auto\"> e confira o Plano de A\u00e7\u00e3o na \u00edntegra.<\/span><\/p>\n<p>\u00a0<\/p>\n<p style=\"text-align: justify;\"><span data-contrast=\"auto\">O plano foi aprovado durante a reuni\u00e3o plen\u00e1ria da Rede de Controle da Gest\u00e3o P\u00fablica do DF, ocorrida ap\u00f3s a posse da nova coordena\u00e7\u00e3o, em 17\/6, na Escola de Governo do DF (Egov). A reuni\u00e3o, que contou com a presen\u00e7a de representantes de todos os \u00f3rg\u00e3os que comp\u00f5em a Rede, tamb\u00e9m aprovou a cria\u00e7\u00e3o de um novo Grupo de Trabalho (GT) voltado para Termos de Fomento, com o objetivo de estabelecer parcerias com organiza\u00e7\u00f5es sociais e do terceiro setor. Al\u00e9m disso, a plen\u00e1ria aprovou o convite \u00e0 Procuradoria Geral do DF para integrar a Rede de Controle, refor\u00e7ando a coopera\u00e7\u00e3o entre as institui\u00e7\u00f5es.<\/span><\/p>\n<p>\u00a0<\/p>\n<p style=\"text-align: justify;\"><span data-contrast=\"auto\">O principal objetivo do plano \u00e9 melhorar a efic\u00e1cia do controle interno e da gest\u00e3o de riscos dentro dos objetivos da Rede de Controle, que inclui o enfrentamento \u00e0 corrup\u00e7\u00e3o e a melhoria dos servi\u00e7os p\u00fablicos. Para isso, a proposta \u00e9 a padroniza\u00e7\u00e3o dos procedimentos de controle em todos os \u00f3rg\u00e3os da Rede, garantindo maior conformidade e efici\u00eancia. A capacita\u00e7\u00e3o cont\u00ednua dos servidores tamb\u00e9m est\u00e1 prevista.<\/span><\/p>\n<p>\u00a0<\/p>\n<p style=\"text-align: justify;\"><span data-contrast=\"auto\">Um aspecto crucial, nesse sentido, \u00e9 o fortalecimento do controle social. A nova estrat\u00e9gia inclui a cria\u00e7\u00e3o de programas para aumentar a participa\u00e7\u00e3o cidad\u00e3 na fiscaliza\u00e7\u00e3o da gest\u00e3o p\u00fablica. Essas iniciativas visam empoderar os cidad\u00e3os para que possam acompanhar e exigir mais transpar\u00eancia dos servi\u00e7os p\u00fablicos.<\/span><\/p>\n<p>\u00a0<\/p>\n<p style=\"text-align: justify;\"><span data-contrast=\"auto\">Outro foco importante presente no texto \u00e9 a promo\u00e7\u00e3o da governan\u00e7a. Ser\u00e3o criadas a\u00e7\u00f5es para refor\u00e7ar a responsabilidade e a \u00e9tica, e o desempenho das pol\u00edticas ser\u00e1 monitorado e avaliado regularmente.\u00a0Refor\u00e7ando essa quest\u00e3o, est\u00e1 no escopo de trabalho o aumento da transpar\u00eancia, com melhorias nos portais de acesso p\u00fablico \u00e0s informa\u00e7\u00f5es, como a adequa\u00e7\u00e3o para a <\/span><a href=\"https:\/\/www.agenciabrasilia.df.gov.br\/2024\/05\/21\/linguagem-simples-facilita-a-comunicacao-no-gdf\/\" target=\"_blank\" rel=\"noopener\"><span data-contrast=\"none\">linguagem simples<\/span><\/a><span data-contrast=\"auto\">; e na promo\u00e7\u00e3o de campanhas educativas para engajar a popula\u00e7\u00e3o na fiscaliza\u00e7\u00e3o.<\/span><\/p>\n<p>\u00a0<\/p>\n<p style=\"text-align: justify;\"><span data-contrast=\"auto\">A coopera\u00e7\u00e3o entre os \u00f3rg\u00e3os da Rede ser\u00e1 intensificada com a realiza\u00e7\u00e3o de f\u00f3runs e workshops, e parcerias estrat\u00e9gicas com institui\u00e7\u00f5es acad\u00eamicas ser\u00e3o estabelecidas para aprimorar as capacidades institucionais. Com essa nova abordagem, a Rede pretende alinhar as a\u00e7\u00f5es locais com as diretrizes nacionais, contribuindo para um esfor\u00e7o conjunto de melhoria cont\u00ednua em todo o pa\u00eds.<\/span><\/p>\n<p>\u00a0<\/p>\n<p style=\"text-align: justify;\"><span data-contrast=\"auto\">O Plano de A\u00e7\u00e3o ainda destaca a import\u00e2ncia da inova\u00e7\u00e3o. A Rede de Controle do DF planeja maximizar o uso de tecnologias existentes para aprimorar o monitoramento e a avalia\u00e7\u00e3o das a\u00e7\u00f5es governamentais, evitando investimentos desnecess\u00e1rios. Al\u00e9m disso, haver\u00e1 colabora\u00e7\u00e3o com universidades e centros de pesquisa para desenvolver novos projetos, envolvendo estagi\u00e1rios e pesquisadores que contribuir\u00e3o com conhecimento t\u00e9cnico.<\/span><\/p>\n<p style=\"text-align: justify;\"><a href=\"https:\/\/www.rededecontrole.df.gov.br\/wp-content\/uploads\/2019\/11\/Plano-de-Acao.pdf\" target=\"_blank\" rel=\"noopener\"><span data-contrast=\"none\">Clique aqui<\/span><\/a><span data-contrast=\"auto\"> e confira o Plano de A\u00e7\u00e3o na \u00edntegra.<\/span>\u00a0<\/p>\n","protected":false},"excerpt":{"rendered":"<p>Nova estrat\u00e9gia promove a governan\u00e7a e a transpar\u00eancia p\u00fablica e tamb\u00e9m fortalece as ferramentas de controle interno e social \u00a0 A Rede de Controle da Gest\u00e3o P\u00fablica do Distrito Federal (RCGP) divulgou o novo Plano de A\u00e7\u00e3o para o bi\u00eanio 2024-2025. Sob a coordena\u00e7\u00e3o da Controladoria-Geral do DF e aprovado pelos demais \u00f3rg\u00e3os que comp\u00f5em [&hellip;]<\/p>\n","protected":false},"author":18,"featured_media":15334,"comment_status":"open","ping_status":"open","sticky":true,"template":"","format":"standard","meta":[],"categories":[17,25],"tags":[104],"acf":[],"_links":{"self":[{"href":"https:\/\/www.rededecontrole.df.gov.br\/index.php\/wp-json\/wp\/v2\/posts\/15333"}],"collection":[{"href":"https:\/\/www.rededecontrole.df.gov.br\/index.php\/wp-json\/wp\/v2\/posts"}],"about":[{"href":"https:\/\/www.rededecontrole.df.gov.br\/index.php\/wp-json\/wp\/v2\/types\/post"}],"author":[{"embeddable":true,"href":"https:\/\/www.rededecontrole.df.gov.br\/index.php\/wp-json\/wp\/v2\/users\/18"}],"replies":[{"embeddable":true,"href":"https:\/\/www.rededecontrole.df.gov.br\/index.php\/wp-json\/wp\/v2\/comments?post=15333"}],"version-history":[{"count":6,"href":"https:\/\/www.rededecontrole.df.gov.br\/index.php\/wp-json\/wp\/v2\/posts\/15333\/revisions"}],"predecessor-version":[{"id":15341,"href":"https:\/\/www.rededecontrole.df.gov.br\/index.php\/wp-json\/wp\/v2\/posts\/15333\/revisions\/15341"}],"wp:featuredmedia":[{"embeddable":true,"href":"https:\/\/www.rededecontrole.df.gov.br\/index.php\/wp-json\/wp\/v2\/media\/15334"}],"wp:attachment":[{"href":"https:\/\/www.rededecontrole.df.gov.br\/index.php\/wp-json\/wp\/v2\/media?parent=15333"}],"wp:term":[{"taxonomy":"category","embeddable":true,"href":"https:\/\/www.rededecontrole.df.gov.br\/index.php\/wp-json\/wp\/v2\/categories?post=15333"},{"taxonomy":"post_tag","embeddable":true,"href":"https:\/\/www.rededecontrole.df.gov.br\/index.php\/wp-json\/wp\/v2\/tags?post=15333"}],"curies":[{"name":"wp","href":"https:\/\/api.w.org\/{rel}","templated":true}]}}